{"id":1666,"date":"2022-08-18T12:23:22","date_gmt":"2022-08-18T10:23:22","guid":{"rendered":"https:\/\/www.kidscourage.de\/?p=1666"},"modified":"2022-09-27T10:32:27","modified_gmt":"2022-09-27T08:32:27","slug":"teamfahrt-2022","status":"publish","type":"post","link":"https:\/\/www.kidscourage.de\/index.php\/2022\/08\/18\/teamfahrt-2022\/","title":{"rendered":"Termin: Teamfahrt zum Thema &#8222;Einf\u00fchrung Projekttag A &#038; Adultismus&#8220;"},"content":{"rendered":"\n<h2 class=\"wp-block-heading\">Um was geht\u00b4s?<\/h2>\n\n\n\n<h4 class=\"wp-block-heading\">Methodenschulung Projekttag A &#8222;Anderssein gewinnt!&#8220;<\/h4>\n\n\n\n<p>Vom 21.-23. Oktober 2022 m\u00f6chten wir euch herzlich zu unser j\u00e4hrlichen Teamfahrt einladen! Gemeinsam werden wir in ein Seminarhaus in Brandenburg\/bei Strau\u00dfberg fahren, um uns besser kennenzulernen und um gemeinsam zu lernen.<\/p>\n\n\n\n<p>Als Thema haben wir uns \u00fcberlegt, dass wir f\u00fcr alle Neueinsteiger*innen und langj\u00e4hrigen Teamer*innen die Methoden &amp; Materialien des Projekttages A &#8222;Anderssein gewinnt!&#8220; durchgehen wollen.<\/p>\n\n\n\n<p>Neueinsteiger*innen bekommen so die M\u00f6glichkeit, bald mit dem Teamen dieses Projekttages anzufangen.<\/p>\n\n\n\n<p>Langj\u00e4hrige Teamer*innen haben die M\u00f6glichkeit, die neuen Methoden des Projekttags kennenzulernen, die in den letzten beiden Jahren entstanden sind. Um ein Gef\u00fchl f\u00fcr die neuen Materialien zu bekommen und um gemeinsam Schwierigkeiten &amp; Herausforderungen zu besprechen, die beim Teamen dieses Projekttages auftauchen k\u00f6nnen.<\/p>\n\n\n\n<h4 class=\"wp-block-heading\">Reflexions-Workshop zum Thema Adultismus<\/h4>\n\n\n\n<p>Au\u00dferdem werden wir einen kurzen Workshop zum Thema Adultismus machen. Der Workshop wird von Hj\u00f6rdis Hornung angeboten.<\/p>\n\n\n\n<p>Es ist also f\u00fcr Alle etwas dabei!<\/p>\n\n\n\n<h4 class=\"wp-block-heading\">Weitere Informationen<\/h4>\n\n\n\n<p>Anreise: Fr, 21.10. ab 16 Uhr\/ Wir planen eine gemeinsame Anreise zum Veranstaltungsort.<\/p>\n\n\n\n<p>Abreise: So, 23.10. um 15 Uhr\/ Wir planen eine gemeinsame Abreise zum Veranstaltungsort.<\/p>\n\n\n\n<p>Verpflegung: Es wird vegetarische Verpflegung geben. Bitte gebt im Kommentarfeld der Anmeldung an, ob ihr spezielle W\u00fcnsche\/Bed\u00fcrfnisse\/Allergien habt.<\/p>\n\n\n\n<p>Wenn ihr Fragen habt, dann meldet euch gerne bei uns. Informationen zum genauen Zeitablauf werden fortlaufend hinzugef\u00fcgt. <\/p>\n\n\n\n<p>Nutzt f\u00fcr Fragen &amp; Anmerkungen unser Kontaktformular auf dieser Webseite oder schreibt uns eine E-Mail an kidscourage@falken-berlin.de<\/p>\n\n\n\n<h4 class=\"wp-block-heading\">Barrieren<\/h4>\n\n\n\n<p>Der Veranstaltungsort ist nicht Barriere-frei erreichbar. Die Schlafr\u00e4ume und der Aufenthalts- und Essraum sind nur \u00fcber eine Treppe (ca.9 Stufen, Hochpaterre) erreichbar. Um den Seminarraum betreten zu k\u00f6nnen, muss ebenfalls eine Treppe \u00fcberwunden werden (ca. 4 Stufen, Erdgeschoss).<\/p>\n\n\n\n<p>Die Veranstaltung findet in deutscher Lautsprache statt.<\/p>\n\n\n\n<h4 class=\"wp-block-heading\">Anmeldung<\/h4>\n\n\n\n<p>Bitte meldet euch f\u00fcr die Teamfahrt an, damit wir besser planen k\u00f6nnen.<\/p>\n\n\n\n<div class=\"wp-block-contact-form-7-contact-form-selector\">\n<div class=\"wpcf7 no-js\" id=\"wpcf7-f705-o1\" lang=\"de-DE\" dir=\"ltr\" data-wpcf7-id=\"705\">\n<div class=\"screen-reader-response\"><p role=\"status\" aria-live=\"polite\" aria-atomic=\"true\"><\/p> <ul><\/ul><\/div>\n<form action=\"\/index.php\/wp-json\/wp\/v2\/posts\/1666#wpcf7-f705-o1\" method=\"post\" class=\"wpcf7-form init\" aria-label=\"Kontaktformular\" novalidate=\"novalidate\" data-status=\"init\">\n<div style=\"display: none;\">\n<input type=\"hidden\" name=\"_wpcf7\" value=\"705\" \/>\n<input type=\"hidden\" name=\"_wpcf7_version\" value=\"6.0.5\" \/>\n<input type=\"hidden\" name=\"_wpcf7_locale\" value=\"de_DE\" \/>\n<input type=\"hidden\" name=\"_wpcf7_unit_tag\" value=\"wpcf7-f705-o1\" \/>\n<input type=\"hidden\" name=\"_wpcf7_container_post\" value=\"0\" \/>\n<input type=\"hidden\" name=\"_wpcf7_posted_data_hash\" value=\"\" \/>\n<\/div>\n<p><label> Name<br \/>\n<span class=\"wpcf7-form-control-wrap\" data-name=\"your-name\"><input size=\"40\" maxlength=\"400\" class=\"wpcf7-form-control wpcf7-text wpcf7-validates-as-required\" aria-required=\"true\" aria-invalid=\"false\" value=\"\" type=\"text\" name=\"your-name\" \/><\/span> <\/label>\n<\/p>\n<p><label> E-Mail-Adresse<br \/>\n<span class=\"wpcf7-form-control-wrap\" data-name=\"your-email\"><input size=\"40\" maxlength=\"400\" class=\"wpcf7-form-control wpcf7-email wpcf7-validates-as-required wpcf7-text wpcf7-validates-as-email\" aria-required=\"true\" aria-invalid=\"false\" value=\"\" type=\"email\" name=\"your-email\" \/><\/span> <\/label>\n<\/p>\n<p><label> Welche Pronomen nutzt du?<br \/>\n<span class=\"wpcf7-form-control-wrap\" data-name=\"your-pronoun\"><input size=\"40\" maxlength=\"400\" class=\"wpcf7-form-control wpcf7-text\" aria-invalid=\"false\" value=\"\" type=\"text\" name=\"your-pronoun\" \/><\/span> <\/label>\n<\/p>\n<p><label> Geburtsdatum<br \/>\n<span class=\"wpcf7-form-control-wrap\" data-name=\"date-bday\"><input class=\"wpcf7-form-control wpcf7-date wpcf7-validates-as-date\" aria-invalid=\"false\" value=\"\" type=\"date\" name=\"date-bday\" \/><\/span> <\/label>\n<\/p>\n<p><label> Kommentar\/Angabe Essgewohnheiten<br \/>\n<span class=\"wpcf7-form-control-wrap\" data-name=\"your-message\"><textarea cols=\"40\" rows=\"10\" maxlength=\"2000\" class=\"wpcf7-form-control wpcf7-textarea\" aria-invalid=\"false\" name=\"your-message\"><\/textarea><\/span> <\/label>\n<\/p>\n<p><label> Wie hast du von der Veranstaltung erfahren? <\/label><br \/>\n<span class=\"wpcf7-form-control-wrap\" data-name=\"checkbox-werbung\"><span class=\"wpcf7-form-control wpcf7-checkbox\"><span class=\"wpcf7-list-item first\"><label><input type=\"checkbox\" name=\"checkbox-werbung[]\" value=\"Flyer\" \/><span class=\"wpcf7-list-item-label\">Flyer<\/span><\/label><\/span><span class=\"wpcf7-list-item\"><label><input type=\"checkbox\" name=\"checkbox-werbung[]\" value=\"Freund*innen\" \/><span class=\"wpcf7-list-item-label\">Freund*innen<\/span><\/label><\/span><span class=\"wpcf7-list-item\"><label><input type=\"checkbox\" name=\"checkbox-werbung[]\" value=\"Facebook\" \/><span class=\"wpcf7-list-item-label\">Facebook<\/span><\/label><\/span><span class=\"wpcf7-list-item\"><label><input type=\"checkbox\" name=\"checkbox-werbung[]\" value=\"Instagram\" \/><span class=\"wpcf7-list-item-label\">Instagram<\/span><\/label><\/span><span class=\"wpcf7-list-item\"><label><input type=\"checkbox\" name=\"checkbox-werbung[]\" value=\"Website\" \/><span class=\"wpcf7-list-item-label\">Website<\/span><\/label><\/span><span class=\"wpcf7-list-item last\"><label><input type=\"checkbox\" name=\"checkbox-werbung[]\" value=\"Sonstiges\" \/><span class=\"wpcf7-list-item-label\">Sonstiges<\/span><\/label><\/span><\/span><\/span><br \/>\n<input class=\"wpcf7-form-control wpcf7-submit has-spinner\" type=\"submit\" value=\"Anmelden\" \/>\n<\/p><div class=\"wpcf7-response-output\" aria-hidden=\"true\"><\/div>\n<\/form>\n<\/div>\n<\/div>\n","protected":false},"excerpt":{"rendered":"<p>Um was geht\u00b4s? Methodenschulung Projekttag A &#8222;Anderssein gewinnt!&#8220; Vom 21.-23. Oktober 2022 m\u00f6chten wir euch herzlich zu unser j\u00e4hrlichen Teamfahrt einladen! Gemeinsam werden wir in ein Seminarhaus in Brandenburg\/bei Strau\u00dfberg fahren, um uns besser kennenzulernen und um gemeinsam zu lernen. Als Thema haben wir uns \u00fcberlegt, dass wir f\u00fcr alle Neueinsteiger*innen und langj\u00e4hrigen Teamer*innen die [&hellip;]<\/p>\n","protected":false},"author":2,"featured_media":0,"comment_status":"closed","ping_status":"open","sticky":false,"template":"","format":"standard","meta":{"_uag_custom_page_level_css":"","footnotes":""},"categories":[9],"tags":[],"class_list":["post-1666","post","type-post","status-publish","format-standard","hentry","category-team-news","entry"],"uagb_featured_image_src":{"full":false,"thumbnail":false,"medium":false,"medium_large":false,"large":false,"1536x1536":false,"2048x2048":false,"ocean-thumb-m":false,"ocean-thumb-ml":false,"ocean-thumb-l":false},"uagb_author_info":{"display_name":"courage-admin","author_link":"https:\/\/www.kidscourage.de\/index.php\/author\/courage-admin\/"},"uagb_comment_info":0,"uagb_excerpt":"Um was geht\u00b4s? Methodenschulung Projekttag A &#8222;Anderssein gewinnt!&#8220; Vom 21.-23. Oktober 2022 m\u00f6chten wir euch herzlich zu unser j\u00e4hrlichen Teamfahrt einladen! Gemeinsam werden wir in ein Seminarhaus in Brandenburg\/bei Strau\u00dfberg fahren, um uns besser kennenzulernen und um gemeinsam zu lernen. Als Thema haben wir uns \u00fcberlegt, dass wir f\u00fcr alle Neueinsteiger*innen und langj\u00e4hrigen Teamer*innen die&hellip;","_links":{"self":[{"href":"https:\/\/www.kidscourage.de\/index.php\/wp-json\/wp\/v2\/posts\/1666","targetHints":{"allow":["GET"]}}],"collection":[{"href":"https:\/\/www.kidscourage.de\/index.php\/wp-json\/wp\/v2\/posts"}],"about":[{"href":"https:\/\/www.kidscourage.de\/index.php\/wp-json\/wp\/v2\/types\/post"}],"author":[{"embeddable":true,"href":"https:\/\/www.kidscourage.de\/index.php\/wp-json\/wp\/v2\/users\/2"}],"replies":[{"embeddable":true,"href":"https:\/\/www.kidscourage.de\/index.php\/wp-json\/wp\/v2\/comments?post=1666"}],"version-history":[{"count":11,"href":"https:\/\/www.kidscourage.de\/index.php\/wp-json\/wp\/v2\/posts\/1666\/revisions"}],"predecessor-version":[{"id":1694,"href":"https:\/\/www.kidscourage.de\/index.php\/wp-json\/wp\/v2\/posts\/1666\/revisions\/1694"}],"wp:attachment":[{"href":"https:\/\/www.kidscourage.de\/index.php\/wp-json\/wp\/v2\/media?parent=1666"}],"wp:term":[{"taxonomy":"category","embeddable":true,"href":"https:\/\/www.kidscourage.de\/index.php\/wp-json\/wp\/v2\/categories?post=1666"},{"taxonomy":"post_tag","embeddable":true,"href":"https:\/\/www.kidscourage.de\/index.php\/wp-json\/wp\/v2\/tags?post=1666"}],"curies":[{"name":"wp","href":"https:\/\/api.w.org\/{rel}","templated":true}]}}